{"id":1448,"date":"2025-07-24T12:33:54","date_gmt":"2025-07-24T15:33:54","guid":{"rendered":"https:\/\/ar.weatheramerica.com\/?p=1448"},"modified":"2025-07-24T12:33:54","modified_gmt":"2025-07-24T15:33:54","slug":"el-clima-zonda-intenso-en-san-juan-hoy","status":"publish","type":"post","link":"https:\/\/weatheramerica.com\/es-ar\/2025\/07\/24\/el-clima-zonda-intenso-en-san-juan-hoy\/","title":{"rendered":"El clima: Zonda intenso en San Juan hoy"},"content":{"rendered":"<p><img loading=\"lazy\" loading=\"lazy\" decoding=\"async\" class=\"alignnone size-full wp-image-1449\" src=\"http:\/\/ar.weatheramerica.com\/wp-content\/uploads\/sites\/6\/2025\/07\/San-Juan-2407.jpg\" alt=\"San Juan-2407\" width=\"2120\" height=\"1414\" srcset=\"https:\/\/weatheramerica.com\/es-ar\/wp-content\/uploads\/sites\/6\/2025\/07\/San-Juan-2407.jpg 1920w, https:\/\/weatheramerica.com\/es-ar\/wp-content\/uploads\/sites\/6\/2025\/07\/San-Juan-2407-768x512.jpg 768w, https:\/\/weatheramerica.com\/es-ar\/wp-content\/uploads\/sites\/6\/2025\/07\/San-Juan-2407-1536x1024.jpg 1536w, https:\/\/weatheramerica.com\/es-ar\/wp-content\/uploads\/sites\/6\/2025\/07\/San-Juan-2407-330x220.jpg 330w, https:\/\/weatheramerica.com\/es-ar\/wp-content\/uploads\/sites\/6\/2025\/07\/San-Juan-2407-420x280.jpg 420w, https:\/\/weatheramerica.com\/es-ar\/wp-content\/uploads\/sites\/6\/2025\/07\/San-Juan-2407-615x410.jpg 615w, https:\/\/weatheramerica.com\/es-ar\/wp-content\/uploads\/sites\/6\/2025\/07\/San-Juan-2407-860x574.jpg 860w\" sizes=\"auto, (max-width: 2120px) 100vw, 2120px\" \/><\/p>\n<p><strong>Jueves 24 de Julio<\/strong>, seg\u00fan detalla el <strong>Servicio Meteorol\u00f3gico Nacional<\/strong>, <strong>San Juan<\/strong> despierta con un amanecer fr\u00edo de <strong>4 \u00b0C<\/strong> y aguarda una temperatura m\u00e1xima que roza los <strong>17 \u00b0C<\/strong>. El firmamento se muestra <strong>parcialmente cubierto<\/strong>, mientras una brisa del <strong>sudoeste<\/strong> avanza y, con el correr de las horas, se transforma en una corriente procedente del <strong>oeste<\/strong>, aportando matices nubosos que var\u00edan entre leve y moderado.<\/p>\n<p>&nbsp;<\/p>\n<p>La autoridad meteorol\u00f3gica mantiene <strong>alerta amarilla<\/strong> por la llegada del <strong>viento Zonda<\/strong>, fen\u00f3meno caracter\u00edstico de la regi\u00f3n cordillerana: se estiman velocidades sostenidas de <strong>35 a 50 km\/h<\/strong> con r\u00e1fagas que podr\u00edan rozar los <strong>70 km\/h<\/strong>. El aviso abarca la <strong>Precordillera de Calingasta<\/strong>, la <strong>Precordillera de Pocito<\/strong>, la <strong>Precordillera de Rivadavia<\/strong>, la <strong>Precordillera de Sarmiento<\/strong>, adem\u00e1s de <strong>Ullum<\/strong> y el departamento de <strong>Zonda<\/strong>. Este soplo c\u00e1lido y extremadamente seco reduce la visibilidad, dispara de forma repentina la temperatura ambiente y provoca una humedad relativa \u00ednfima.<\/p>\n<p>&nbsp;<\/p>\n<p>El car\u00e1cter <strong>des\u00e9rtico<\/strong> del clima sanjuanino se impone otra vez: escas\u00edsimas precipitaciones, marcadas amplitudes t\u00e9rmicas y la triple influencia de los vientos <strong>Zonda<\/strong>, <strong>Sur<\/strong> y <strong>del Norte<\/strong>. En pleno invierno, la provincia exhibe m\u00ednimas que habitualmente se deslizan bajo cero, aunque el Zonda, nacido al pie de la <strong>Cordillera de los Andes<\/strong>, irrumpe para inyectar calor y sequedad incluso en los d\u00edas m\u00e1s fr\u00edos.<\/p>\n<p>&nbsp;<\/p>\n<p>Sobre un territorio de <strong>89 651 km\u00b2<\/strong>, el relieve monta\u00f1oso domina la escena con roquedales abruptos, valles oasis de aluvi\u00f3n y r\u00edos de deshielo que alimentan la vida productiva. Los oasis tect\u00f3nicos concentran poblaci\u00f3n y actividades econ\u00f3micas, mientras en las elevaciones circundantes afloran vastos yacimientos mineros y hallazgos paleontol\u00f3gicos de alto valor cient\u00edfico.<\/p>\n","protected":false},"excerpt":{"rendered":"<p>Jueves 24 de Julio, seg\u00fan detalla el Servicio Meteorol\u00f3gico Nacional, San Juan despierta con un amanecer fr\u00edo de 4 \u00b0C y aguarda una temperatura m\u00e1xima que roza los 17 \u00b0C. El firmamento se muestra parcialmente cubierto, mientras una brisa del sudoeste avanza y, con el correr de las horas, se transforma en una corriente procedente [&hellip;]<\/p>\n","protected":false},"author":40,"featured_media":1449,"comment_status":"open","ping_status":"open","sticky":false,"template":"","format":"standard","meta":{"footnotes":""},"categories":[1],"tags":[],"class_list":{"0":"post-1448","1":"post","2":"type-post","3":"status-publish","4":"format-standard","5":"has-post-thumbnail","7":"category-news"},"yoast_head":"<!-- This site is optimized with the Yoast SEO plugin v26.9 - https:\/\/yoast.com\/product\/yoast-seo-wordpress\/ -->\n<title>El clima: Zonda intenso en San Juan hoy - Argentina \u2013 Weather America<\/title>\n<meta name=\"robots\" content=\"index, follow, max-snippet:-1, max-image-preview:large, max-video-preview:-1\" \/>\n<link rel=\"canonical\" href=\"https:\/\/weatheramerica.com\/es-ar\/2025\/07\/24\/el-clima-zonda-intenso-en-san-juan-hoy\/\" \/>\n<meta property=\"og:locale\" content=\"es_ES\" \/>\n<meta property=\"og:type\" content=\"article\" \/>\n<meta property=\"og:title\" content=\"El clima: Zonda intenso en San Juan hoy - Argentina \u2013 Weather America\" \/>\n<meta property=\"og:description\" content=\"Jueves 24 de Julio, seg\u00fan detalla el Servicio Meteorol\u00f3gico Nacional, San Juan despierta con un amanecer fr\u00edo de 4 \u00b0C y aguarda una temperatura m\u00e1xima que roza los 17 \u00b0C. El firmamento se muestra parcialmente cubierto, mientras una brisa del sudoeste avanza y, con el correr de las horas, se transforma en una corriente procedente [&hellip;]\" \/>\n<meta property=\"og:url\" content=\"https:\/\/weatheramerica.com\/es-ar\/2025\/07\/24\/el-clima-zonda-intenso-en-san-juan-hoy\/\" \/>\n<meta property=\"og:site_name\" content=\"Argentina \u2013 Weather America\" \/>\n<meta property=\"article:published_time\" content=\"2025-07-24T15:33:54+00:00\" \/>\n<meta property=\"og:image\" content=\"https:\/\/weatheramerica.com\/es-ar\/wp-content\/uploads\/sites\/6\/2025\/07\/San-Juan-2407.jpg\" \/>\n\t<meta property=\"og:image:width\" content=\"1920\" \/>\n\t<meta property=\"og:image:height\" content=\"1281\" \/>\n\t<meta property=\"og:image:type\" content=\"image\/jpeg\" \/>\n<meta name=\"author\" content=\"Martina Gonz\u00e1lez\" \/>\n<meta name=\"twitter:card\" content=\"summary_large_image\" \/>\n<meta name=\"twitter:label1\" content=\"Escrito por\" \/>\n\t<meta name=\"twitter:data1\" content=\"Martina Gonz\u00e1lez\" \/>\n\t<meta name=\"twitter:label2\" content=\"Tiempo de lectura\" \/>\n\t<meta name=\"twitter:data2\" content=\"2 minutos\" \/>\n<script type=\"application\/ld+json\" class=\"yoast-schema-graph\">{\"@context\":\"https:\/\/schema.org\",\"@graph\":[{\"@type\":\"Article\",\"@id\":\"https:\/\/weatheramerica.com\/es-ar\/2025\/07\/24\/el-clima-zonda-intenso-en-san-juan-hoy\/#article\",\"isPartOf\":{\"@id\":\"https:\/\/weatheramerica.com\/es-ar\/2025\/07\/24\/el-clima-zonda-intenso-en-san-juan-hoy\/\"},\"author\":{\"name\":\"Martina Gonz\u00e1lez\",\"@id\":\"https:\/\/weatheramerica.com\/es-ar\/#\/schema\/person\/21eb3c8c81ee4dedc60369ab1b0ccfce\"},\"headline\":\"El clima: Zonda intenso en San Juan hoy\",\"datePublished\":\"2025-07-24T15:33:54+00:00\",\"mainEntityOfPage\":{\"@id\":\"https:\/\/weatheramerica.com\/es-ar\/2025\/07\/24\/el-clima-zonda-intenso-en-san-juan-hoy\/\"},\"wordCount\":301,\"commentCount\":0,\"image\":{\"@id\":\"https:\/\/weatheramerica.com\/es-ar\/2025\/07\/24\/el-clima-zonda-intenso-en-san-juan-hoy\/#primaryimage\"},\"thumbnailUrl\":\"https:\/\/weatheramerica.com\/es-ar\/wp-content\/uploads\/sites\/6\/2025\/07\/San-Juan-2407.jpg\",\"articleSection\":[\"News\"],\"inLanguage\":\"es-AR\",\"potentialAction\":[{\"@type\":\"CommentAction\",\"name\":\"Comment\",\"target\":[\"https:\/\/weatheramerica.com\/es-ar\/2025\/07\/24\/el-clima-zonda-intenso-en-san-juan-hoy\/#respond\"]}]},{\"@type\":\"WebPage\",\"@id\":\"https:\/\/weatheramerica.com\/es-ar\/2025\/07\/24\/el-clima-zonda-intenso-en-san-juan-hoy\/\",\"url\":\"https:\/\/weatheramerica.com\/es-ar\/2025\/07\/24\/el-clima-zonda-intenso-en-san-juan-hoy\/\",\"name\":\"El clima: Zonda intenso en San Juan hoy - Argentina \u2013 Weather America\",\"isPartOf\":{\"@id\":\"https:\/\/weatheramerica.com\/es-ar\/#website\"},\"primaryImageOfPage\":{\"@id\":\"https:\/\/weatheramerica.com\/es-ar\/2025\/07\/24\/el-clima-zonda-intenso-en-san-juan-hoy\/#primaryimage\"},\"image\":{\"@id\":\"https:\/\/weatheramerica.com\/es-ar\/2025\/07\/24\/el-clima-zonda-intenso-en-san-juan-hoy\/#primaryimage\"},\"thumbnailUrl\":\"https:\/\/weatheramerica.com\/es-ar\/wp-content\/uploads\/sites\/6\/2025\/07\/San-Juan-2407.jpg\",\"datePublished\":\"2025-07-24T15:33:54+00:00\",\"author\":{\"@id\":\"https:\/\/weatheramerica.com\/es-ar\/#\/schema\/person\/21eb3c8c81ee4dedc60369ab1b0ccfce\"},\"breadcrumb\":{\"@id\":\"https:\/\/weatheramerica.com\/es-ar\/2025\/07\/24\/el-clima-zonda-intenso-en-san-juan-hoy\/#breadcrumb\"},\"inLanguage\":\"es-AR\",\"potentialAction\":[{\"@type\":\"ReadAction\",\"target\":[\"https:\/\/weatheramerica.com\/es-ar\/2025\/07\/24\/el-clima-zonda-intenso-en-san-juan-hoy\/\"]}]},{\"@type\":\"ImageObject\",\"inLanguage\":\"es-AR\",\"@id\":\"https:\/\/weatheramerica.com\/es-ar\/2025\/07\/24\/el-clima-zonda-intenso-en-san-juan-hoy\/#primaryimage\",\"url\":\"https:\/\/weatheramerica.com\/es-ar\/wp-content\/uploads\/sites\/6\/2025\/07\/San-Juan-2407.jpg\",\"contentUrl\":\"https:\/\/weatheramerica.com\/es-ar\/wp-content\/uploads\/sites\/6\/2025\/07\/San-Juan-2407.jpg\",\"width\":1920,\"height\":1281,\"caption\":\"San Juan-2407\"},{\"@type\":\"BreadcrumbList\",\"@id\":\"https:\/\/weatheramerica.com\/es-ar\/2025\/07\/24\/el-clima-zonda-intenso-en-san-juan-hoy\/#breadcrumb\",\"itemListElement\":[{\"@type\":\"ListItem\",\"position\":1,\"name\":\"Home\",\"item\":\"https:\/\/weatheramerica.com\/es-ar\/\"},{\"@type\":\"ListItem\",\"position\":2,\"name\":\"El clima: Zonda intenso en San Juan hoy\"}]},{\"@type\":\"WebSite\",\"@id\":\"https:\/\/weatheramerica.com\/es-ar\/#website\",\"url\":\"https:\/\/weatheramerica.com\/es-ar\/\",\"name\":\"Argentina \u2013 Weather America\",\"description\":\"\",\"potentialAction\":[{\"@type\":\"SearchAction\",\"target\":{\"@type\":\"EntryPoint\",\"urlTemplate\":\"https:\/\/weatheramerica.com\/es-ar\/?s={search_term_string}\"},\"query-input\":{\"@type\":\"PropertyValueSpecification\",\"valueRequired\":true,\"valueName\":\"search_term_string\"}}],\"inLanguage\":\"es-AR\"},{\"@type\":\"Person\",\"@id\":\"https:\/\/weatheramerica.com\/es-ar\/#\/schema\/person\/21eb3c8c81ee4dedc60369ab1b0ccfce\",\"name\":\"Martina Gonz\u00e1lez\",\"image\":{\"@type\":\"ImageObject\",\"inLanguage\":\"es-AR\",\"@id\":\"https:\/\/weatheramerica.com\/es-ar\/#\/schema\/person\/image\/\",\"url\":\"https:\/\/secure.gravatar.com\/avatar\/b2c5108c002cfcb2326b0d2e7621b37da877e62b5e89d086c9c80697ed017ea3?s=96&d=mm&r=g\",\"contentUrl\":\"https:\/\/secure.gravatar.com\/avatar\/b2c5108c002cfcb2326b0d2e7621b37da877e62b5e89d086c9c80697ed017ea3?s=96&d=mm&r=g\",\"caption\":\"Martina Gonz\u00e1lez\"},\"url\":\"https:\/\/weatheramerica.com\/es-ar\/author\/martina-gonzalez\/\"}]}<\/script>\n<!-- \/ Yoast SEO plugin. -->","yoast_head_json":{"title":"El clima: Zonda intenso en San Juan hoy - Argentina \u2013 Weather America","robots":{"index":"index","follow":"follow","max-snippet":"max-snippet:-1","max-image-preview":"max-image-preview:large","max-video-preview":"max-video-preview:-1"},"canonical":"https:\/\/weatheramerica.com\/es-ar\/2025\/07\/24\/el-clima-zonda-intenso-en-san-juan-hoy\/","og_locale":"es_ES","og_type":"article","og_title":"El clima: Zonda intenso en San Juan hoy - Argentina \u2013 Weather America","og_description":"Jueves 24 de Julio, seg\u00fan detalla el Servicio Meteorol\u00f3gico Nacional, San Juan despierta con un amanecer fr\u00edo de 4 \u00b0C y aguarda una temperatura m\u00e1xima que roza los 17 \u00b0C. El firmamento se muestra parcialmente cubierto, mientras una brisa del sudoeste avanza y, con el correr de las horas, se transforma en una corriente procedente [&hellip;]","og_url":"https:\/\/weatheramerica.com\/es-ar\/2025\/07\/24\/el-clima-zonda-intenso-en-san-juan-hoy\/","og_site_name":"Argentina \u2013 Weather America","article_published_time":"2025-07-24T15:33:54+00:00","og_image":[{"width":1920,"height":1281,"url":"https:\/\/weatheramerica.com\/es-ar\/wp-content\/uploads\/sites\/6\/2025\/07\/San-Juan-2407.jpg","type":"image\/jpeg"}],"author":"Martina Gonz\u00e1lez","twitter_card":"summary_large_image","twitter_misc":{"Escrito por":"Martina Gonz\u00e1lez","Tiempo de lectura":"2 minutos"},"schema":{"@context":"https:\/\/schema.org","@graph":[{"@type":"Article","@id":"https:\/\/weatheramerica.com\/es-ar\/2025\/07\/24\/el-clima-zonda-intenso-en-san-juan-hoy\/#article","isPartOf":{"@id":"https:\/\/weatheramerica.com\/es-ar\/2025\/07\/24\/el-clima-zonda-intenso-en-san-juan-hoy\/"},"author":{"name":"Martina Gonz\u00e1lez","@id":"https:\/\/weatheramerica.com\/es-ar\/#\/schema\/person\/21eb3c8c81ee4dedc60369ab1b0ccfce"},"headline":"El clima: Zonda intenso en San Juan hoy","datePublished":"2025-07-24T15:33:54+00:00","mainEntityOfPage":{"@id":"https:\/\/weatheramerica.com\/es-ar\/2025\/07\/24\/el-clima-zonda-intenso-en-san-juan-hoy\/"},"wordCount":301,"commentCount":0,"image":{"@id":"https:\/\/weatheramerica.com\/es-ar\/2025\/07\/24\/el-clima-zonda-intenso-en-san-juan-hoy\/#primaryimage"},"thumbnailUrl":"https:\/\/weatheramerica.com\/es-ar\/wp-content\/uploads\/sites\/6\/2025\/07\/San-Juan-2407.jpg","articleSection":["News"],"inLanguage":"es-AR","potentialAction":[{"@type":"CommentAction","name":"Comment","target":["https:\/\/weatheramerica.com\/es-ar\/2025\/07\/24\/el-clima-zonda-intenso-en-san-juan-hoy\/#respond"]}]},{"@type":"WebPage","@id":"https:\/\/weatheramerica.com\/es-ar\/2025\/07\/24\/el-clima-zonda-intenso-en-san-juan-hoy\/","url":"https:\/\/weatheramerica.com\/es-ar\/2025\/07\/24\/el-clima-zonda-intenso-en-san-juan-hoy\/","name":"El clima: Zonda intenso en San Juan hoy - Argentina \u2013 Weather America","isPartOf":{"@id":"https:\/\/weatheramerica.com\/es-ar\/#website"},"primaryImageOfPage":{"@id":"https:\/\/weatheramerica.com\/es-ar\/2025\/07\/24\/el-clima-zonda-intenso-en-san-juan-hoy\/#primaryimage"},"image":{"@id":"https:\/\/weatheramerica.com\/es-ar\/2025\/07\/24\/el-clima-zonda-intenso-en-san-juan-hoy\/#primaryimage"},"thumbnailUrl":"https:\/\/weatheramerica.com\/es-ar\/wp-content\/uploads\/sites\/6\/2025\/07\/San-Juan-2407.jpg","datePublished":"2025-07-24T15:33:54+00:00","author":{"@id":"https:\/\/weatheramerica.com\/es-ar\/#\/schema\/person\/21eb3c8c81ee4dedc60369ab1b0ccfce"},"breadcrumb":{"@id":"https:\/\/weatheramerica.com\/es-ar\/2025\/07\/24\/el-clima-zonda-intenso-en-san-juan-hoy\/#breadcrumb"},"inLanguage":"es-AR","potentialAction":[{"@type":"ReadAction","target":["https:\/\/weatheramerica.com\/es-ar\/2025\/07\/24\/el-clima-zonda-intenso-en-san-juan-hoy\/"]}]},{"@type":"ImageObject","inLanguage":"es-AR","@id":"https:\/\/weatheramerica.com\/es-ar\/2025\/07\/24\/el-clima-zonda-intenso-en-san-juan-hoy\/#primaryimage","url":"https:\/\/weatheramerica.com\/es-ar\/wp-content\/uploads\/sites\/6\/2025\/07\/San-Juan-2407.jpg","contentUrl":"https:\/\/weatheramerica.com\/es-ar\/wp-content\/uploads\/sites\/6\/2025\/07\/San-Juan-2407.jpg","width":1920,"height":1281,"caption":"San Juan-2407"},{"@type":"BreadcrumbList","@id":"https:\/\/weatheramerica.com\/es-ar\/2025\/07\/24\/el-clima-zonda-intenso-en-san-juan-hoy\/#breadcrumb","itemListElement":[{"@type":"ListItem","position":1,"name":"Home","item":"https:\/\/weatheramerica.com\/es-ar\/"},{"@type":"ListItem","position":2,"name":"El clima: Zonda intenso en San Juan hoy"}]},{"@type":"WebSite","@id":"https:\/\/weatheramerica.com\/es-ar\/#website","url":"https:\/\/weatheramerica.com\/es-ar\/","name":"Argentina \u2013 Weather America","description":"","potentialAction":[{"@type":"SearchAction","target":{"@type":"EntryPoint","urlTemplate":"https:\/\/weatheramerica.com\/es-ar\/?s={search_term_string}"},"query-input":{"@type":"PropertyValueSpecification","valueRequired":true,"valueName":"search_term_string"}}],"inLanguage":"es-AR"},{"@type":"Person","@id":"https:\/\/weatheramerica.com\/es-ar\/#\/schema\/person\/21eb3c8c81ee4dedc60369ab1b0ccfce","name":"Martina Gonz\u00e1lez","image":{"@type":"ImageObject","inLanguage":"es-AR","@id":"https:\/\/weatheramerica.com\/es-ar\/#\/schema\/person\/image\/","url":"https:\/\/secure.gravatar.com\/avatar\/b2c5108c002cfcb2326b0d2e7621b37da877e62b5e89d086c9c80697ed017ea3?s=96&d=mm&r=g","contentUrl":"https:\/\/secure.gravatar.com\/avatar\/b2c5108c002cfcb2326b0d2e7621b37da877e62b5e89d086c9c80697ed017ea3?s=96&d=mm&r=g","caption":"Martina Gonz\u00e1lez"},"url":"https:\/\/weatheramerica.com\/es-ar\/author\/martina-gonzalez\/"}]}},"_links":{"self":[{"href":"https:\/\/weatheramerica.com\/es-ar\/wp-json\/wp\/v2\/posts\/1448","targetHints":{"allow":["GET"]}}],"collection":[{"href":"https:\/\/weatheramerica.com\/es-ar\/wp-json\/wp\/v2\/posts"}],"about":[{"href":"https:\/\/weatheramerica.com\/es-ar\/wp-json\/wp\/v2\/types\/post"}],"author":[{"embeddable":true,"href":"https:\/\/weatheramerica.com\/es-ar\/wp-json\/wp\/v2\/users\/40"}],"replies":[{"embeddable":true,"href":"https:\/\/weatheramerica.com\/es-ar\/wp-json\/wp\/v2\/comments?post=1448"}],"version-history":[{"count":0,"href":"https:\/\/weatheramerica.com\/es-ar\/wp-json\/wp\/v2\/posts\/1448\/revisions"}],"wp:featuredmedia":[{"embeddable":true,"href":"https:\/\/weatheramerica.com\/es-ar\/wp-json\/wp\/v2\/media\/1449"}],"wp:attachment":[{"href":"https:\/\/weatheramerica.com\/es-ar\/wp-json\/wp\/v2\/media?parent=1448"}],"wp:term":[{"taxonomy":"category","embeddable":true,"href":"https:\/\/weatheramerica.com\/es-ar\/wp-json\/wp\/v2\/categories?post=1448"},{"taxonomy":"post_tag","embeddable":true,"href":"https:\/\/weatheramerica.com\/es-ar\/wp-json\/wp\/v2\/tags?post=1448"}],"curies":[{"name":"wp","href":"https:\/\/api.w.org\/{rel}","templated":true}]}}