{"id":1451,"date":"2025-07-24T12:36:14","date_gmt":"2025-07-24T15:36:14","guid":{"rendered":"https:\/\/ar.weatheramerica.com\/?p=1451"},"modified":"2025-07-24T12:36:14","modified_gmt":"2025-07-24T15:36:14","slug":"el-clima-invernal-abraza-neuquen-y-rio-negro","status":"publish","type":"post","link":"https:\/\/weatheramerica.com\/es-ar\/2025\/07\/24\/el-clima-invernal-abraza-neuquen-y-rio-negro\/","title":{"rendered":"El clima invernal abraza Neuqu\u00e9n y R\u00edo Negro"},"content":{"rendered":"<p><img loading=\"lazy\" loading=\"lazy\" decoding=\"async\" class=\"alignnone size-full wp-image-1452\" src=\"http:\/\/ar.weatheramerica.com\/wp-content\/uploads\/sites\/6\/2025\/07\/Rio-Negro-2407.jpg\" alt=\"R\u00edo Negro-2407\" width=\"2121\" height=\"1414\" srcset=\"https:\/\/weatheramerica.com\/es-ar\/wp-content\/uploads\/sites\/6\/2025\/07\/Rio-Negro-2407.jpg 1920w, https:\/\/weatheramerica.com\/es-ar\/wp-content\/uploads\/sites\/6\/2025\/07\/Rio-Negro-2407-768x512.jpg 768w, https:\/\/weatheramerica.com\/es-ar\/wp-content\/uploads\/sites\/6\/2025\/07\/Rio-Negro-2407-1536x1024.jpg 1536w, https:\/\/weatheramerica.com\/es-ar\/wp-content\/uploads\/sites\/6\/2025\/07\/Rio-Negro-2407-330x220.jpg 330w, https:\/\/weatheramerica.com\/es-ar\/wp-content\/uploads\/sites\/6\/2025\/07\/Rio-Negro-2407-420x280.jpg 420w, https:\/\/weatheramerica.com\/es-ar\/wp-content\/uploads\/sites\/6\/2025\/07\/Rio-Negro-2407-615x410.jpg 615w, https:\/\/weatheramerica.com\/es-ar\/wp-content\/uploads\/sites\/6\/2025\/07\/Rio-Negro-2407-860x573.jpg 860w\" sizes=\"auto, (max-width: 2121px) 100vw, 2121px\" \/><\/p>\n<p>A primera hora de este <strong>Jueves 24 de Julio<\/strong>, la <strong>Patagonia Norte<\/strong> despierta con nubosidad cambiante y un aire g\u00e9lido que se siente desde la <strong>Cordillera<\/strong> hasta la <strong>Costa Atl\u00e1ntica<\/strong>. En la franja de los <strong>Lagos<\/strong>, que incluye a <strong>Bariloche<\/strong>, <strong>Villa La Angostura<\/strong> y <strong>San Mart\u00edn de los Andes<\/strong>, el cielo muestra intervalos grises que se compactan con el correr de la ma\u00f1ana; durante la tarde avanzan chaparrones, algunos intensos sobre zona monta\u00f1osa, donde la lluvia se transforma en nieve. El viento sopla leve primero del sector norte y hacia el atardecer gira al oeste, avivando el fr\u00edo que se mover\u00e1 entre <strong>1 \u00b0C<\/strong> de m\u00ednima y <strong>5 \u00b0C<\/strong> de m\u00e1xima.<\/p>\n<p>&nbsp;<\/p>\n<p>En la <strong>L\u00ednea Sur<\/strong>, abarcando a <strong>Ingeniero Jacobacci<\/strong> y <strong>Maquinchao<\/strong>, la jornada tambi\u00e9n alterna claros y masas nubosas, pero el empeoramiento llega con lloviznas y un giro e\u00f3lico al oeste de car\u00e1cter moderado. Se espera un arranque polar de <strong>-5 \u00b0C<\/strong> que apenas sube a <strong>5 \u00b0C<\/strong> durante las horas centrales.<\/p>\n<p>&nbsp;<\/p>\n<p>El <strong>Norte Neuquino<\/strong>, con <strong>Chos Malal<\/strong> y <strong>Buta Ranquil<\/strong> como referentes, amanece con nubosidad irregular; a partir del mediod\u00eda se activan precipitaciones y nevadas en cotas altas. El viento se mantiene moderado del noroeste y despliega r\u00e1fagas sobre los cordones serranos. El term\u00f3metro oscila entre <strong>3 \u00b0C<\/strong> y <strong>16 \u00b0C<\/strong>, proporcionando el intervalo m\u00e1s \u201ctemplado\u201d de la regi\u00f3n.<\/p>\n<p>&nbsp;<\/p>\n<p>En el <strong>Centro de Neuqu\u00e9n<\/strong>, cubriendo a <strong>Zapala<\/strong>, <strong>Cutral Co<\/strong> y <strong>Plaza Huincul<\/strong>, dominan las nubes. Hacia la tarde aparecen lluvias y nevadas en sectores cercanos a la <strong>Cordillera<\/strong>; el viento del oeste sopla con vigor intermitente. Las temperaturas se sit\u00faan en torno a <strong>1 \u00b0C<\/strong> de piso y <strong>10 \u00b0C<\/strong> de techo.<\/p>\n<p>&nbsp;<\/p>\n<p>Los <strong>Valles<\/strong>, que integran <strong>Neuqu\u00e9n Capital<\/strong>, <strong>Cipolletti<\/strong>, <strong>Allen<\/strong>, <strong>General Roca<\/strong> y <strong>Villa Regina<\/strong>, mantienen nubosidad variable con neblinas matinales. El flujo norte\u00f1o se siente moderado a regular, elevando la m\u00ednima a <strong>-2 \u00b0C<\/strong> y la m\u00e1xima a <strong>14 \u00b0C<\/strong>.<\/p>\n<p>Hacia el <strong>Este rionegrino<\/strong>, con <strong>Viedma<\/strong>, <strong>San Antonio Oeste<\/strong> y <strong>Las Grutas<\/strong>, la cobertura nubosa es protagonista durante casi toda la jornada. El viento del sector norte se refuerza con r\u00e1fagas que acrecientan la sensaci\u00f3n de frescura: la amplitud t\u00e9rmica va de <strong>2 \u00b0C<\/strong> a <strong>12 \u00b0C<\/strong>.<\/p>\n<p>&nbsp;<\/p>\n","protected":false},"excerpt":{"rendered":"<p>A primera hora de este Jueves 24 de Julio, la Patagonia Norte despierta con nubosidad cambiante y un aire g\u00e9lido que se siente desde la Cordillera hasta la Costa Atl\u00e1ntica. En la franja de los Lagos, que incluye a Bariloche, Villa La Angostura y San Mart\u00edn de los Andes, el cielo muestra intervalos grises que [&hellip;]<\/p>\n","protected":false},"author":43,"featured_media":1452,"comment_status":"open","ping_status":"open","sticky":false,"template":"","format":"standard","meta":{"footnotes":""},"categories":[1],"tags":[],"class_list":{"0":"post-1451","1":"post","2":"type-post","3":"status-publish","4":"format-standard","5":"has-post-thumbnail","7":"category-news"},"yoast_head":"<!-- This site is optimized with the Yoast SEO plugin v26.9 - https:\/\/yoast.com\/product\/yoast-seo-wordpress\/ -->\n<title>El clima invernal abraza Neuqu\u00e9n y R\u00edo Negro - Argentina \u2013 Weather America<\/title>\n<meta name=\"robots\" content=\"index, follow, max-snippet:-1, max-image-preview:large, max-video-preview:-1\" \/>\n<link rel=\"canonical\" href=\"https:\/\/weatheramerica.com\/es-ar\/2025\/07\/24\/el-clima-invernal-abraza-neuquen-y-rio-negro\/\" \/>\n<meta property=\"og:locale\" content=\"es_ES\" \/>\n<meta property=\"og:type\" content=\"article\" \/>\n<meta property=\"og:title\" content=\"El clima invernal abraza Neuqu\u00e9n y R\u00edo Negro - Argentina \u2013 Weather America\" \/>\n<meta property=\"og:description\" content=\"A primera hora de este Jueves 24 de Julio, la Patagonia Norte despierta con nubosidad cambiante y un aire g\u00e9lido que se siente desde la Cordillera hasta la Costa Atl\u00e1ntica. En la franja de los Lagos, que incluye a Bariloche, Villa La Angostura y San Mart\u00edn de los Andes, el cielo muestra intervalos grises que [&hellip;]\" \/>\n<meta property=\"og:url\" content=\"https:\/\/weatheramerica.com\/es-ar\/2025\/07\/24\/el-clima-invernal-abraza-neuquen-y-rio-negro\/\" \/>\n<meta property=\"og:site_name\" content=\"Argentina \u2013 Weather America\" \/>\n<meta property=\"article:published_time\" content=\"2025-07-24T15:36:14+00:00\" \/>\n<meta property=\"og:image\" content=\"https:\/\/weatheramerica.com\/es-ar\/wp-content\/uploads\/sites\/6\/2025\/07\/Rio-Negro-2407.jpg\" \/>\n\t<meta property=\"og:image:width\" content=\"1920\" \/>\n\t<meta property=\"og:image:height\" content=\"1280\" \/>\n\t<meta property=\"og:image:type\" content=\"image\/jpeg\" \/>\n<meta name=\"author\" content=\"Benjam\u00edn P\u00e9rez\" \/>\n<meta name=\"twitter:card\" content=\"summary_large_image\" \/>\n<meta name=\"twitter:label1\" content=\"Escrito por\" \/>\n\t<meta name=\"twitter:data1\" content=\"Benjam\u00edn P\u00e9rez\" \/>\n\t<meta name=\"twitter:label2\" content=\"Tiempo de lectura\" \/>\n\t<meta name=\"twitter:data2\" content=\"2 minutos\" \/>\n<script type=\"application\/ld+json\" class=\"yoast-schema-graph\">{\"@context\":\"https:\/\/schema.org\",\"@graph\":[{\"@type\":\"Article\",\"@id\":\"https:\/\/weatheramerica.com\/es-ar\/2025\/07\/24\/el-clima-invernal-abraza-neuquen-y-rio-negro\/#article\",\"isPartOf\":{\"@id\":\"https:\/\/weatheramerica.com\/es-ar\/2025\/07\/24\/el-clima-invernal-abraza-neuquen-y-rio-negro\/\"},\"author\":{\"name\":\"Benjam\u00edn P\u00e9rez\",\"@id\":\"https:\/\/weatheramerica.com\/es-ar\/#\/schema\/person\/141ee71f3e7b54565a94ad909b9c56ba\"},\"headline\":\"El clima invernal abraza Neuqu\u00e9n y R\u00edo Negro\",\"datePublished\":\"2025-07-24T15:36:14+00:00\",\"mainEntityOfPage\":{\"@id\":\"https:\/\/weatheramerica.com\/es-ar\/2025\/07\/24\/el-clima-invernal-abraza-neuquen-y-rio-negro\/\"},\"wordCount\":389,\"commentCount\":0,\"image\":{\"@id\":\"https:\/\/weatheramerica.com\/es-ar\/2025\/07\/24\/el-clima-invernal-abraza-neuquen-y-rio-negro\/#primaryimage\"},\"thumbnailUrl\":\"https:\/\/weatheramerica.com\/es-ar\/wp-content\/uploads\/sites\/6\/2025\/07\/Rio-Negro-2407.jpg\",\"articleSection\":[\"News\"],\"inLanguage\":\"es-AR\",\"potentialAction\":[{\"@type\":\"CommentAction\",\"name\":\"Comment\",\"target\":[\"https:\/\/weatheramerica.com\/es-ar\/2025\/07\/24\/el-clima-invernal-abraza-neuquen-y-rio-negro\/#respond\"]}]},{\"@type\":\"WebPage\",\"@id\":\"https:\/\/weatheramerica.com\/es-ar\/2025\/07\/24\/el-clima-invernal-abraza-neuquen-y-rio-negro\/\",\"url\":\"https:\/\/weatheramerica.com\/es-ar\/2025\/07\/24\/el-clima-invernal-abraza-neuquen-y-rio-negro\/\",\"name\":\"El clima invernal abraza Neuqu\u00e9n y R\u00edo Negro - Argentina \u2013 Weather America\",\"isPartOf\":{\"@id\":\"https:\/\/weatheramerica.com\/es-ar\/#website\"},\"primaryImageOfPage\":{\"@id\":\"https:\/\/weatheramerica.com\/es-ar\/2025\/07\/24\/el-clima-invernal-abraza-neuquen-y-rio-negro\/#primaryimage\"},\"image\":{\"@id\":\"https:\/\/weatheramerica.com\/es-ar\/2025\/07\/24\/el-clima-invernal-abraza-neuquen-y-rio-negro\/#primaryimage\"},\"thumbnailUrl\":\"https:\/\/weatheramerica.com\/es-ar\/wp-content\/uploads\/sites\/6\/2025\/07\/Rio-Negro-2407.jpg\",\"datePublished\":\"2025-07-24T15:36:14+00:00\",\"author\":{\"@id\":\"https:\/\/weatheramerica.com\/es-ar\/#\/schema\/person\/141ee71f3e7b54565a94ad909b9c56ba\"},\"breadcrumb\":{\"@id\":\"https:\/\/weatheramerica.com\/es-ar\/2025\/07\/24\/el-clima-invernal-abraza-neuquen-y-rio-negro\/#breadcrumb\"},\"inLanguage\":\"es-AR\",\"potentialAction\":[{\"@type\":\"ReadAction\",\"target\":[\"https:\/\/weatheramerica.com\/es-ar\/2025\/07\/24\/el-clima-invernal-abraza-neuquen-y-rio-negro\/\"]}]},{\"@type\":\"ImageObject\",\"inLanguage\":\"es-AR\",\"@id\":\"https:\/\/weatheramerica.com\/es-ar\/2025\/07\/24\/el-clima-invernal-abraza-neuquen-y-rio-negro\/#primaryimage\",\"url\":\"https:\/\/weatheramerica.com\/es-ar\/wp-content\/uploads\/sites\/6\/2025\/07\/Rio-Negro-2407.jpg\",\"contentUrl\":\"https:\/\/weatheramerica.com\/es-ar\/wp-content\/uploads\/sites\/6\/2025\/07\/Rio-Negro-2407.jpg\",\"width\":1920,\"height\":1280,\"caption\":\"R\u00edo Negro-2407\"},{\"@type\":\"BreadcrumbList\",\"@id\":\"https:\/\/weatheramerica.com\/es-ar\/2025\/07\/24\/el-clima-invernal-abraza-neuquen-y-rio-negro\/#breadcrumb\",\"itemListElement\":[{\"@type\":\"ListItem\",\"position\":1,\"name\":\"Home\",\"item\":\"https:\/\/weatheramerica.com\/es-ar\/\"},{\"@type\":\"ListItem\",\"position\":2,\"name\":\"El clima invernal abraza Neuqu\u00e9n y R\u00edo Negro\"}]},{\"@type\":\"WebSite\",\"@id\":\"https:\/\/weatheramerica.com\/es-ar\/#website\",\"url\":\"https:\/\/weatheramerica.com\/es-ar\/\",\"name\":\"Argentina \u2013 Weather America\",\"description\":\"\",\"potentialAction\":[{\"@type\":\"SearchAction\",\"target\":{\"@type\":\"EntryPoint\",\"urlTemplate\":\"https:\/\/weatheramerica.com\/es-ar\/?s={search_term_string}\"},\"query-input\":{\"@type\":\"PropertyValueSpecification\",\"valueRequired\":true,\"valueName\":\"search_term_string\"}}],\"inLanguage\":\"es-AR\"},{\"@type\":\"Person\",\"@id\":\"https:\/\/weatheramerica.com\/es-ar\/#\/schema\/person\/141ee71f3e7b54565a94ad909b9c56ba\",\"name\":\"Benjam\u00edn P\u00e9rez\",\"image\":{\"@type\":\"ImageObject\",\"inLanguage\":\"es-AR\",\"@id\":\"https:\/\/weatheramerica.com\/es-ar\/#\/schema\/person\/image\/\",\"url\":\"https:\/\/secure.gravatar.com\/avatar\/514ae07dbff30cf92264fbb353799ca5526399663d9df928d3521dd81ba73529?s=96&d=mm&r=g\",\"contentUrl\":\"https:\/\/secure.gravatar.com\/avatar\/514ae07dbff30cf92264fbb353799ca5526399663d9df928d3521dd81ba73529?s=96&d=mm&r=g\",\"caption\":\"Benjam\u00edn P\u00e9rez\"},\"url\":\"https:\/\/weatheramerica.com\/es-ar\/author\/benjamin-perez\/\"}]}<\/script>\n<!-- \/ Yoast SEO plugin. -->","yoast_head_json":{"title":"El clima invernal abraza Neuqu\u00e9n y R\u00edo Negro - Argentina \u2013 Weather America","robots":{"index":"index","follow":"follow","max-snippet":"max-snippet:-1","max-image-preview":"max-image-preview:large","max-video-preview":"max-video-preview:-1"},"canonical":"https:\/\/weatheramerica.com\/es-ar\/2025\/07\/24\/el-clima-invernal-abraza-neuquen-y-rio-negro\/","og_locale":"es_ES","og_type":"article","og_title":"El clima invernal abraza Neuqu\u00e9n y R\u00edo Negro - Argentina \u2013 Weather America","og_description":"A primera hora de este Jueves 24 de Julio, la Patagonia Norte despierta con nubosidad cambiante y un aire g\u00e9lido que se siente desde la Cordillera hasta la Costa Atl\u00e1ntica. En la franja de los Lagos, que incluye a Bariloche, Villa La Angostura y San Mart\u00edn de los Andes, el cielo muestra intervalos grises que [&hellip;]","og_url":"https:\/\/weatheramerica.com\/es-ar\/2025\/07\/24\/el-clima-invernal-abraza-neuquen-y-rio-negro\/","og_site_name":"Argentina \u2013 Weather America","article_published_time":"2025-07-24T15:36:14+00:00","og_image":[{"width":1920,"height":1280,"url":"https:\/\/weatheramerica.com\/es-ar\/wp-content\/uploads\/sites\/6\/2025\/07\/Rio-Negro-2407.jpg","type":"image\/jpeg"}],"author":"Benjam\u00edn P\u00e9rez","twitter_card":"summary_large_image","twitter_misc":{"Escrito por":"Benjam\u00edn P\u00e9rez","Tiempo de lectura":"2 minutos"},"schema":{"@context":"https:\/\/schema.org","@graph":[{"@type":"Article","@id":"https:\/\/weatheramerica.com\/es-ar\/2025\/07\/24\/el-clima-invernal-abraza-neuquen-y-rio-negro\/#article","isPartOf":{"@id":"https:\/\/weatheramerica.com\/es-ar\/2025\/07\/24\/el-clima-invernal-abraza-neuquen-y-rio-negro\/"},"author":{"name":"Benjam\u00edn P\u00e9rez","@id":"https:\/\/weatheramerica.com\/es-ar\/#\/schema\/person\/141ee71f3e7b54565a94ad909b9c56ba"},"headline":"El clima invernal abraza Neuqu\u00e9n y R\u00edo Negro","datePublished":"2025-07-24T15:36:14+00:00","mainEntityOfPage":{"@id":"https:\/\/weatheramerica.com\/es-ar\/2025\/07\/24\/el-clima-invernal-abraza-neuquen-y-rio-negro\/"},"wordCount":389,"commentCount":0,"image":{"@id":"https:\/\/weatheramerica.com\/es-ar\/2025\/07\/24\/el-clima-invernal-abraza-neuquen-y-rio-negro\/#primaryimage"},"thumbnailUrl":"https:\/\/weatheramerica.com\/es-ar\/wp-content\/uploads\/sites\/6\/2025\/07\/Rio-Negro-2407.jpg","articleSection":["News"],"inLanguage":"es-AR","potentialAction":[{"@type":"CommentAction","name":"Comment","target":["https:\/\/weatheramerica.com\/es-ar\/2025\/07\/24\/el-clima-invernal-abraza-neuquen-y-rio-negro\/#respond"]}]},{"@type":"WebPage","@id":"https:\/\/weatheramerica.com\/es-ar\/2025\/07\/24\/el-clima-invernal-abraza-neuquen-y-rio-negro\/","url":"https:\/\/weatheramerica.com\/es-ar\/2025\/07\/24\/el-clima-invernal-abraza-neuquen-y-rio-negro\/","name":"El clima invernal abraza Neuqu\u00e9n y R\u00edo Negro - Argentina \u2013 Weather America","isPartOf":{"@id":"https:\/\/weatheramerica.com\/es-ar\/#website"},"primaryImageOfPage":{"@id":"https:\/\/weatheramerica.com\/es-ar\/2025\/07\/24\/el-clima-invernal-abraza-neuquen-y-rio-negro\/#primaryimage"},"image":{"@id":"https:\/\/weatheramerica.com\/es-ar\/2025\/07\/24\/el-clima-invernal-abraza-neuquen-y-rio-negro\/#primaryimage"},"thumbnailUrl":"https:\/\/weatheramerica.com\/es-ar\/wp-content\/uploads\/sites\/6\/2025\/07\/Rio-Negro-2407.jpg","datePublished":"2025-07-24T15:36:14+00:00","author":{"@id":"https:\/\/weatheramerica.com\/es-ar\/#\/schema\/person\/141ee71f3e7b54565a94ad909b9c56ba"},"breadcrumb":{"@id":"https:\/\/weatheramerica.com\/es-ar\/2025\/07\/24\/el-clima-invernal-abraza-neuquen-y-rio-negro\/#breadcrumb"},"inLanguage":"es-AR","potentialAction":[{"@type":"ReadAction","target":["https:\/\/weatheramerica.com\/es-ar\/2025\/07\/24\/el-clima-invernal-abraza-neuquen-y-rio-negro\/"]}]},{"@type":"ImageObject","inLanguage":"es-AR","@id":"https:\/\/weatheramerica.com\/es-ar\/2025\/07\/24\/el-clima-invernal-abraza-neuquen-y-rio-negro\/#primaryimage","url":"https:\/\/weatheramerica.com\/es-ar\/wp-content\/uploads\/sites\/6\/2025\/07\/Rio-Negro-2407.jpg","contentUrl":"https:\/\/weatheramerica.com\/es-ar\/wp-content\/uploads\/sites\/6\/2025\/07\/Rio-Negro-2407.jpg","width":1920,"height":1280,"caption":"R\u00edo Negro-2407"},{"@type":"BreadcrumbList","@id":"https:\/\/weatheramerica.com\/es-ar\/2025\/07\/24\/el-clima-invernal-abraza-neuquen-y-rio-negro\/#breadcrumb","itemListElement":[{"@type":"ListItem","position":1,"name":"Home","item":"https:\/\/weatheramerica.com\/es-ar\/"},{"@type":"ListItem","position":2,"name":"El clima invernal abraza Neuqu\u00e9n y R\u00edo Negro"}]},{"@type":"WebSite","@id":"https:\/\/weatheramerica.com\/es-ar\/#website","url":"https:\/\/weatheramerica.com\/es-ar\/","name":"Argentina \u2013 Weather America","description":"","potentialAction":[{"@type":"SearchAction","target":{"@type":"EntryPoint","urlTemplate":"https:\/\/weatheramerica.com\/es-ar\/?s={search_term_string}"},"query-input":{"@type":"PropertyValueSpecification","valueRequired":true,"valueName":"search_term_string"}}],"inLanguage":"es-AR"},{"@type":"Person","@id":"https:\/\/weatheramerica.com\/es-ar\/#\/schema\/person\/141ee71f3e7b54565a94ad909b9c56ba","name":"Benjam\u00edn P\u00e9rez","image":{"@type":"ImageObject","inLanguage":"es-AR","@id":"https:\/\/weatheramerica.com\/es-ar\/#\/schema\/person\/image\/","url":"https:\/\/secure.gravatar.com\/avatar\/514ae07dbff30cf92264fbb353799ca5526399663d9df928d3521dd81ba73529?s=96&d=mm&r=g","contentUrl":"https:\/\/secure.gravatar.com\/avatar\/514ae07dbff30cf92264fbb353799ca5526399663d9df928d3521dd81ba73529?s=96&d=mm&r=g","caption":"Benjam\u00edn P\u00e9rez"},"url":"https:\/\/weatheramerica.com\/es-ar\/author\/benjamin-perez\/"}]}},"_links":{"self":[{"href":"https:\/\/weatheramerica.com\/es-ar\/wp-json\/wp\/v2\/posts\/1451","targetHints":{"allow":["GET"]}}],"collection":[{"href":"https:\/\/weatheramerica.com\/es-ar\/wp-json\/wp\/v2\/posts"}],"about":[{"href":"https:\/\/weatheramerica.com\/es-ar\/wp-json\/wp\/v2\/types\/post"}],"author":[{"embeddable":true,"href":"https:\/\/weatheramerica.com\/es-ar\/wp-json\/wp\/v2\/users\/43"}],"replies":[{"embeddable":true,"href":"https:\/\/weatheramerica.com\/es-ar\/wp-json\/wp\/v2\/comments?post=1451"}],"version-history":[{"count":0,"href":"https:\/\/weatheramerica.com\/es-ar\/wp-json\/wp\/v2\/posts\/1451\/revisions"}],"wp:featuredmedia":[{"embeddable":true,"href":"https:\/\/weatheramerica.com\/es-ar\/wp-json\/wp\/v2\/media\/1452"}],"wp:attachment":[{"href":"https:\/\/weatheramerica.com\/es-ar\/wp-json\/wp\/v2\/media?parent=1451"}],"wp:term":[{"taxonomy":"category","embeddable":true,"href":"https:\/\/weatheramerica.com\/es-ar\/wp-json\/wp\/v2\/categories?post=1451"},{"taxonomy":"post_tag","embeddable":true,"href":"https:\/\/weatheramerica.com\/es-ar\/wp-json\/wp\/v2\/tags?post=1451"}],"curies":[{"name":"wp","href":"https:\/\/api.w.org\/{rel}","templated":true}]}}